{"id":1410,"date":"2026-04-28T20:19:09","date_gmt":"2026-04-28T18:19:09","guid":{"rendered":"https:\/\/szkolkakubiczek.pl\/?p=1410"},"modified":"2026-04-28T20:20:48","modified_gmt":"2026-04-28T18:20:48","slug":"majowka-w-szkolce-kubiczek","status":"publish","type":"post","link":"https:\/\/szkolkakubiczek.pl\/de\/majowka-w-szkolce-kubiczek\/","title":{"rendered":"Maj\u00f3wka w Szk\u00f3\u0142ce Kubiczek!"},"content":{"rendered":"<p style=\"text-align: center;\"><strong> Maj\u00f3wka w Szk\u00f3\u0142ce Kubiczek! <\/strong><!--more--><\/p>\n<p style=\"text-align: center;\">Drodzy Klienci! Planujecie wolne dni sp\u0119dzi\u0107 na pracach w ogrodzie? Mamy dla Was \u015bwietn\u0105 wiadomo\u015b\u0107! Aby\u015bcie mogli spokojnie wybra\u0107 ro\u015bliny do swoich zielonych zak\u0105tk\u00f3w, w nadchodz\u0105c\u0105 maj\u00f3wk\u0119 pracujemy dla Was nast\u0119puj\u0105co:<\/p>\n<p><strong> 1 maja: 08:00 \u2013 18:00 (Otwarte!)<\/strong><br \/>\n<strong> 2 maja: 08:00 \u2013 18:00 (Otwarte!)<\/strong><br \/>\n<strong>\u274c 3 maja: ZAMKNI\u0118TE<\/strong><\/p>\n<p>Zapraszamy po wyj\u0105tkow\u0105 i r\u00f3\u017cnorodn\u0105 kolekcj\u0119 krzew\u00f3w oraz drzew ozdobnych! Do zobaczenia na miejscu!<\/p>\n<p>Adres: ul. Pa\u0144ska 50, 43-332 Pisarzowice<\/p>\n<p><img loading=\"lazy\" decoding=\"async\" class=\"size-medium wp-image-1408 aligncenter\" src=\"http:\/\/szkolkakubiczek.pl\/wp-content\/uploads\/2026\/04\/IMG_6963-300x291.png\" alt=\"\" width=\"300\" height=\"291\" srcset=\"https:\/\/szkolkakubiczek.pl\/wp-content\/uploads\/2026\/04\/IMG_6963-300x291.png 300w, https:\/\/szkolkakubiczek.pl\/wp-content\/uploads\/2026\/04\/IMG_6963-1024x995.png 1024w, https:\/\/szkolkakubiczek.pl\/wp-content\/uploads\/2026\/04\/IMG_6963-768x746.png 768w, https:\/\/szkolkakubiczek.pl\/wp-content\/uploads\/2026\/04\/IMG_6963.png 1054w\" sizes=\"auto, (max-width: 300px) 100vw, 300px\" \/><\/p>\n<p>&nbsp;<\/p>\n","protected":false},"excerpt":{"rendered":"<p>Maj\u00f3wka w Szk\u00f3\u0142ce Kubiczek!<\/p>\n","protected":false},"author":1,"featured_media":1408,"comment_status":"open","ping_status":"open","sticky":false,"template":"","format":"standard","meta":{"_acf_changed":false,"ngg_post_thumbnail":0,"footnotes":""},"categories":[3],"tags":[],"class_list":["post-1410","post","type-post","status-publish","format-standard","has-post-thumbnail","hentry","category-aktualnosci"],"translation":{"provider":"WPGlobus","version":"3.0.0","language":"de","enabled_languages":["pl","gb","de","cz"],"languages":{"pl":{"title":true,"content":true,"excerpt":false},"gb":{"title":false,"content":false,"excerpt":false},"de":{"title":false,"content":false,"excerpt":false},"cz":{"title":false,"content":false,"excerpt":false}}},"acf":[],"yoast_head":"<!-- This site is optimized with the Yoast SEO plugin v24.9 - https:\/\/yoast.com\/wordpress\/plugins\/seo\/ -->\n<title>Maj\u00f3wka w Szk\u00f3\u0142ce Kubiczek! - Kubiczek - Szk\u00f3\u0142ka drzew i krzew\u00f3w O\u015bwi\u0119cim<\/title>\n<meta name=\"robots\" content=\"index, follow, max-snippet:-1, max-image-preview:large, max-video-preview:-1\" \/>\n<link rel=\"canonical\" href=\"http:\/\/szkolkakubiczek.pl\/majowka-w-szkolce-kubiczek\/\" \/>\n<meta property=\"og:locale\" content=\"de_DE\" \/>\n<meta property=\"og:type\" content=\"article\" \/>\n<meta property=\"og:title\" content=\"Maj\u00f3wka w Szk\u00f3\u0142ce Kubiczek! - Kubiczek - Szk\u00f3\u0142ka drzew i krzew\u00f3w O\u015bwi\u0119cim\" \/>\n<meta property=\"og:url\" content=\"http:\/\/szkolkakubiczek.pl\/majowka-w-szkolce-kubiczek\/\" \/>\n<meta property=\"og:site_name\" content=\"Kubiczek - Szk\u00f3\u0142ka drzew i krzew\u00f3w O\u015bwi\u0119cim\" \/>\n<meta property=\"article:publisher\" content=\"https:\/\/www.facebook.com\/profile.php?id=100048712636007\" \/>\n<meta property=\"article:published_time\" content=\"2026-04-28T18:19:09+00:00\" \/>\n<meta property=\"article:modified_time\" content=\"2026-04-28T18:20:48+00:00\" \/>\n<meta property=\"og:image\" content=\"http:\/\/szkolkakubiczek.pl\/wp-content\/uploads\/2026\/04\/IMG_6963-1024x995.png\" \/>\n\t<meta property=\"og:image:width\" content=\"1024\" \/>\n\t<meta property=\"og:image:height\" content=\"995\" \/>\n\t<meta property=\"og:image:type\" content=\"image\/png\" \/>\n<meta name=\"author\" content=\"admin\" \/>\n<meta name=\"twitter:card\" content=\"summary_large_image\" \/>\n<meta name=\"twitter:label1\" content=\"Written by\" \/>\n\t<meta name=\"twitter:data1\" content=\"admin\" \/>\n<script type=\"application\/ld+json\" class=\"yoast-schema-graph\">{\"@context\":\"https:\/\/schema.org\",\"@graph\":[{\"@type\":\"Article\",\"@id\":\"http:\/\/szkolkakubiczek.pl\/majowka-w-szkolce-kubiczek\/#article\",\"isPartOf\":{\"@id\":\"http:\/\/szkolkakubiczek.pl\/majowka-w-szkolce-kubiczek\/\"},\"author\":{\"name\":\"admin\",\"@id\":\"https:\/\/szkolkakubiczek.pl\/gb\/#\/schema\/person\/376ffbf95f07e4865be11213d21b5f49\"},\"headline\":\"Maj\u00f3wka w Szk\u00f3\u0142ce Kubiczek!\",\"datePublished\":\"2026-04-28T18:19:09+00:00\",\"dateModified\":\"2026-04-28T18:20:48+00:00\",\"mainEntityOfPage\":{\"@id\":\"http:\/\/szkolkakubiczek.pl\/majowka-w-szkolce-kubiczek\/\"},\"wordCount\":83,\"commentCount\":0,\"publisher\":{\"@id\":\"https:\/\/szkolkakubiczek.pl\/gb\/#organization\"},\"image\":{\"@id\":\"http:\/\/szkolkakubiczek.pl\/majowka-w-szkolce-kubiczek\/#primaryimage\"},\"thumbnailUrl\":\"https:\/\/szkolkakubiczek.pl\/wp-content\/uploads\/2026\/04\/IMG_6963.png\",\"articleSection\":[\"Aktualno\u015bci\"],\"inLanguage\":\"de-DE\",\"potentialAction\":[{\"@type\":\"CommentAction\",\"name\":\"Comment\",\"target\":[\"http:\/\/szkolkakubiczek.pl\/majowka-w-szkolce-kubiczek\/#respond\"]}]},{\"@type\":\"WebPage\",\"@id\":\"http:\/\/szkolkakubiczek.pl\/majowka-w-szkolce-kubiczek\/\",\"url\":\"http:\/\/szkolkakubiczek.pl\/majowka-w-szkolce-kubiczek\/\",\"name\":\"Maj\u00f3wka w Szk\u00f3\u0142ce Kubiczek! - Kubiczek - Szk\u00f3\u0142ka drzew i krzew\u00f3w O\u015bwi\u0119cim\",\"isPartOf\":{\"@id\":\"https:\/\/szkolkakubiczek.pl\/gb\/#website\"},\"primaryImageOfPage\":{\"@id\":\"http:\/\/szkolkakubiczek.pl\/majowka-w-szkolce-kubiczek\/#primaryimage\"},\"image\":{\"@id\":\"http:\/\/szkolkakubiczek.pl\/majowka-w-szkolce-kubiczek\/#primaryimage\"},\"thumbnailUrl\":\"https:\/\/szkolkakubiczek.pl\/wp-content\/uploads\/2026\/04\/IMG_6963.png\",\"datePublished\":\"2026-04-28T18:19:09+00:00\",\"dateModified\":\"2026-04-28T18:20:48+00:00\",\"description\":\"Kubiczek - Szk\u00f3\u0142ka drzew i krzew\u00f3w O\u015bwi\u0119cim - Aktualno\u015bci - Maj\u00f3wka w Szk\u00f3\u0142ce Kubiczek!\",\"breadcrumb\":{\"@id\":\"http:\/\/szkolkakubiczek.pl\/majowka-w-szkolce-kubiczek\/#breadcrumb\"},\"inLanguage\":\"de-DE\",\"potentialAction\":[{\"@type\":\"ReadAction\",\"target\":[\"http:\/\/szkolkakubiczek.pl\/majowka-w-szkolce-kubiczek\/\"]}]},{\"@type\":\"ImageObject\",\"inLanguage\":\"de-DE\",\"@id\":\"http:\/\/szkolkakubiczek.pl\/majowka-w-szkolce-kubiczek\/#primaryimage\",\"url\":\"https:\/\/szkolkakubiczek.pl\/wp-content\/uploads\/2026\/04\/IMG_6963.png\",\"contentUrl\":\"https:\/\/szkolkakubiczek.pl\/wp-content\/uploads\/2026\/04\/IMG_6963.png\",\"width\":1054,\"height\":1024},{\"@type\":\"BreadcrumbList\",\"@id\":\"http:\/\/szkolkakubiczek.pl\/majowka-w-szkolce-kubiczek\/#breadcrumb\",\"itemListElement\":[{\"@type\":\"ListItem\",\"position\":1,\"name\":\"Strona g\u0142\u00f3wna\",\"item\":\"https:\/\/szkolkakubiczek.pl\/gb\/\"},{\"@type\":\"ListItem\",\"position\":2,\"name\":\"Maj\u00f3wka w Szk\u00f3\u0142ce Kubiczek!\"}]},{\"@type\":\"WebSite\",\"@id\":\"https:\/\/szkolkakubiczek.pl\/gb\/#website\",\"url\":\"https:\/\/szkolkakubiczek.pl\/gb\/\",\"name\":\"Kubiczek - Szk\u00f3\u0142ka drzew i krzew\u00f3w O\u015bwi\u0119cim\",\"description\":\"Szk\u00f3\u0142ka drzew i krzew\u00f3w\",\"publisher\":{\"@id\":\"https:\/\/szkolkakubiczek.pl\/gb\/#organization\"},\"potentialAction\":[{\"@type\":\"SearchAction\",\"target\":{\"@type\":\"EntryPoint\",\"urlTemplate\":\"https:\/\/szkolkakubiczek.pl\/gb\/?s={search_term_string}\"},\"query-input\":{\"@type\":\"PropertyValueSpecification\",\"valueRequired\":true,\"valueName\":\"search_term_string\"}}],\"inLanguage\":\"de-DE\"},{\"@type\":\"Organization\",\"@id\":\"https:\/\/szkolkakubiczek.pl\/gb\/#organization\",\"name\":\"Szk\u00f3\u0142ka kwiat\u00f3w i ro\u015blin Kubiczek\",\"url\":\"https:\/\/szkolkakubiczek.pl\/gb\/\",\"logo\":{\"@type\":\"ImageObject\",\"inLanguage\":\"de-DE\",\"@id\":\"https:\/\/szkolkakubiczek.pl\/gb\/#\/schema\/logo\/image\/\",\"url\":\"http:\/\/szkolkakubiczek.pl\/wp-content\/uploads\/2022\/04\/cropped-Zdjecie4.png\",\"contentUrl\":\"http:\/\/szkolkakubiczek.pl\/wp-content\/uploads\/2022\/04\/cropped-Zdjecie4.png\",\"width\":512,\"height\":512,\"caption\":\"Szk\u00f3\u0142ka kwiat\u00f3w i ro\u015blin Kubiczek\"},\"image\":{\"@id\":\"https:\/\/szkolkakubiczek.pl\/gb\/#\/schema\/logo\/image\/\"},\"sameAs\":[\"https:\/\/www.facebook.com\/profile.php?id=100048712636007\",\"https:\/\/www.instagram.com\/szkolka_kubiczek\/\"]},{\"@type\":\"Person\",\"@id\":\"https:\/\/szkolkakubiczek.pl\/gb\/#\/schema\/person\/376ffbf95f07e4865be11213d21b5f49\",\"name\":\"admin\",\"image\":{\"@type\":\"ImageObject\",\"inLanguage\":\"de-DE\",\"@id\":\"https:\/\/szkolkakubiczek.pl\/gb\/#\/schema\/person\/image\/\",\"url\":\"https:\/\/secure.gravatar.com\/avatar\/546c590cb50ed137b1acd4b163059e12df4a83fb602e986109e7836e6ea5eec3?s=96&d=mm&r=g\",\"contentUrl\":\"https:\/\/secure.gravatar.com\/avatar\/546c590cb50ed137b1acd4b163059e12df4a83fb602e986109e7836e6ea5eec3?s=96&d=mm&r=g\",\"caption\":\"admin\"},\"sameAs\":[\"https:\/\/szkolkakubiczek.pl\"],\"url\":\"https:\/\/szkolkakubiczek.pl\/de\/author\/admin\/\"}]}<\/script>\n<!-- \/ Yoast SEO plugin. -->","yoast_head_json":{"title":"Maj\u00f3wka w Szk\u00f3\u0142ce Kubiczek! - Kubiczek - Szk\u00f3\u0142ka drzew i krzew\u00f3w O\u015bwi\u0119cim","robots":{"index":"index","follow":"follow","max-snippet":"max-snippet:-1","max-image-preview":"max-image-preview:large","max-video-preview":"max-video-preview:-1"},"canonical":"http:\/\/szkolkakubiczek.pl\/majowka-w-szkolce-kubiczek\/","og_locale":"de_DE","og_type":"article","og_title":"Maj\u00f3wka w Szk\u00f3\u0142ce Kubiczek! - Kubiczek - Szk\u00f3\u0142ka drzew i krzew\u00f3w O\u015bwi\u0119cim","og_url":"http:\/\/szkolkakubiczek.pl\/majowka-w-szkolce-kubiczek\/","og_site_name":"Kubiczek - Szk\u00f3\u0142ka drzew i krzew\u00f3w O\u015bwi\u0119cim","article_publisher":"https:\/\/www.facebook.com\/profile.php?id=100048712636007","article_published_time":"2026-04-28T18:19:09+00:00","article_modified_time":"2026-04-28T18:20:48+00:00","og_image":[{"width":1024,"height":995,"url":"http:\/\/szkolkakubiczek.pl\/wp-content\/uploads\/2026\/04\/IMG_6963-1024x995.png","type":"image\/png"}],"author":"admin","twitter_card":"summary_large_image","twitter_misc":{"Written by":"admin"},"schema":{"@context":"https:\/\/schema.org","@graph":[{"@type":"Article","@id":"http:\/\/szkolkakubiczek.pl\/majowka-w-szkolce-kubiczek\/#article","isPartOf":{"@id":"http:\/\/szkolkakubiczek.pl\/majowka-w-szkolce-kubiczek\/"},"author":{"name":"admin","@id":"https:\/\/szkolkakubiczek.pl\/gb\/#\/schema\/person\/376ffbf95f07e4865be11213d21b5f49"},"headline":"Maj\u00f3wka w Szk\u00f3\u0142ce Kubiczek!","datePublished":"2026-04-28T18:19:09+00:00","dateModified":"2026-04-28T18:20:48+00:00","mainEntityOfPage":{"@id":"http:\/\/szkolkakubiczek.pl\/majowka-w-szkolce-kubiczek\/"},"wordCount":83,"commentCount":0,"publisher":{"@id":"https:\/\/szkolkakubiczek.pl\/gb\/#organization"},"image":{"@id":"http:\/\/szkolkakubiczek.pl\/majowka-w-szkolce-kubiczek\/#primaryimage"},"thumbnailUrl":"https:\/\/szkolkakubiczek.pl\/wp-content\/uploads\/2026\/04\/IMG_6963.png","articleSection":["Aktualno\u015bci"],"inLanguage":"de-DE","potentialAction":[{"@type":"CommentAction","name":"Comment","target":["http:\/\/szkolkakubiczek.pl\/majowka-w-szkolce-kubiczek\/#respond"]}]},{"@type":"WebPage","@id":"http:\/\/szkolkakubiczek.pl\/majowka-w-szkolce-kubiczek\/","url":"http:\/\/szkolkakubiczek.pl\/majowka-w-szkolce-kubiczek\/","name":"Maj\u00f3wka w Szk\u00f3\u0142ce Kubiczek! - Kubiczek - Szk\u00f3\u0142ka drzew i krzew\u00f3w O\u015bwi\u0119cim","isPartOf":{"@id":"https:\/\/szkolkakubiczek.pl\/gb\/#website"},"primaryImageOfPage":{"@id":"http:\/\/szkolkakubiczek.pl\/majowka-w-szkolce-kubiczek\/#primaryimage"},"image":{"@id":"http:\/\/szkolkakubiczek.pl\/majowka-w-szkolce-kubiczek\/#primaryimage"},"thumbnailUrl":"https:\/\/szkolkakubiczek.pl\/wp-content\/uploads\/2026\/04\/IMG_6963.png","datePublished":"2026-04-28T18:19:09+00:00","dateModified":"2026-04-28T18:20:48+00:00","description":"Kubiczek - Szk\u00f3\u0142ka drzew i krzew\u00f3w O\u015bwi\u0119cim - Aktualno\u015bci - Maj\u00f3wka w Szk\u00f3\u0142ce Kubiczek!","breadcrumb":{"@id":"http:\/\/szkolkakubiczek.pl\/majowka-w-szkolce-kubiczek\/#breadcrumb"},"inLanguage":"de-DE","potentialAction":[{"@type":"ReadAction","target":["http:\/\/szkolkakubiczek.pl\/majowka-w-szkolce-kubiczek\/"]}]},{"@type":"ImageObject","inLanguage":"de-DE","@id":"http:\/\/szkolkakubiczek.pl\/majowka-w-szkolce-kubiczek\/#primaryimage","url":"https:\/\/szkolkakubiczek.pl\/wp-content\/uploads\/2026\/04\/IMG_6963.png","contentUrl":"https:\/\/szkolkakubiczek.pl\/wp-content\/uploads\/2026\/04\/IMG_6963.png","width":1054,"height":1024},{"@type":"BreadcrumbList","@id":"http:\/\/szkolkakubiczek.pl\/majowka-w-szkolce-kubiczek\/#breadcrumb","itemListElement":[{"@type":"ListItem","position":1,"name":"Strona g\u0142\u00f3wna","item":"https:\/\/szkolkakubiczek.pl\/gb\/"},{"@type":"ListItem","position":2,"name":"Maj\u00f3wka w Szk\u00f3\u0142ce Kubiczek!"}]},{"@type":"WebSite","@id":"https:\/\/szkolkakubiczek.pl\/gb\/#website","url":"https:\/\/szkolkakubiczek.pl\/gb\/","name":"Kubiczek - Szk\u00f3\u0142ka drzew i krzew\u00f3w O\u015bwi\u0119cim","description":"Szk\u00f3\u0142ka drzew i krzew\u00f3w","publisher":{"@id":"https:\/\/szkolkakubiczek.pl\/gb\/#organization"},"potentialAction":[{"@type":"SearchAction","target":{"@type":"EntryPoint","urlTemplate":"https:\/\/szkolkakubiczek.pl\/gb\/?s={search_term_string}"},"query-input":{"@type":"PropertyValueSpecification","valueRequired":true,"valueName":"search_term_string"}}],"inLanguage":"de-DE"},{"@type":"Organization","@id":"https:\/\/szkolkakubiczek.pl\/gb\/#organization","name":"Szk\u00f3\u0142ka kwiat\u00f3w i ro\u015blin Kubiczek","url":"https:\/\/szkolkakubiczek.pl\/gb\/","logo":{"@type":"ImageObject","inLanguage":"de-DE","@id":"https:\/\/szkolkakubiczek.pl\/gb\/#\/schema\/logo\/image\/","url":"http:\/\/szkolkakubiczek.pl\/wp-content\/uploads\/2022\/04\/cropped-Zdjecie4.png","contentUrl":"http:\/\/szkolkakubiczek.pl\/wp-content\/uploads\/2022\/04\/cropped-Zdjecie4.png","width":512,"height":512,"caption":"Szk\u00f3\u0142ka kwiat\u00f3w i ro\u015blin Kubiczek"},"image":{"@id":"https:\/\/szkolkakubiczek.pl\/gb\/#\/schema\/logo\/image\/"},"sameAs":["https:\/\/www.facebook.com\/profile.php?id=100048712636007","https:\/\/www.instagram.com\/szkolka_kubiczek\/"]},{"@type":"Person","@id":"https:\/\/szkolkakubiczek.pl\/gb\/#\/schema\/person\/376ffbf95f07e4865be11213d21b5f49","name":"admin","image":{"@type":"ImageObject","inLanguage":"de-DE","@id":"https:\/\/szkolkakubiczek.pl\/gb\/#\/schema\/person\/image\/","url":"https:\/\/secure.gravatar.com\/avatar\/546c590cb50ed137b1acd4b163059e12df4a83fb602e986109e7836e6ea5eec3?s=96&d=mm&r=g","contentUrl":"https:\/\/secure.gravatar.com\/avatar\/546c590cb50ed137b1acd4b163059e12df4a83fb602e986109e7836e6ea5eec3?s=96&d=mm&r=g","caption":"admin"},"sameAs":["https:\/\/szkolkakubiczek.pl"],"url":"https:\/\/szkolkakubiczek.pl\/de\/author\/admin\/"}]}},"_links":{"self":[{"href":"https:\/\/szkolkakubiczek.pl\/de\/wp-json\/wp\/v2\/posts\/1410","targetHints":{"allow":["GET"]}}],"collection":[{"href":"https:\/\/szkolkakubiczek.pl\/de\/wp-json\/wp\/v2\/posts"}],"about":[{"href":"https:\/\/szkolkakubiczek.pl\/de\/wp-json\/wp\/v2\/types\/post"}],"author":[{"embeddable":true,"href":"https:\/\/szkolkakubiczek.pl\/de\/wp-json\/wp\/v2\/users\/1"}],"replies":[{"embeddable":true,"href":"https:\/\/szkolkakubiczek.pl\/de\/wp-json\/wp\/v2\/comments?post=1410"}],"version-history":[{"count":2,"href":"https:\/\/szkolkakubiczek.pl\/de\/wp-json\/wp\/v2\/posts\/1410\/revisions"}],"predecessor-version":[{"id":1413,"href":"https:\/\/szkolkakubiczek.pl\/de\/wp-json\/wp\/v2\/posts\/1410\/revisions\/1413"}],"wp:featuredmedia":[{"embeddable":true,"href":"https:\/\/szkolkakubiczek.pl\/de\/wp-json\/wp\/v2\/media\/1408"}],"wp:attachment":[{"href":"https:\/\/szkolkakubiczek.pl\/de\/wp-json\/wp\/v2\/media?parent=1410"}],"wp:term":[{"taxonomy":"category","embeddable":true,"href":"https:\/\/szkolkakubiczek.pl\/de\/wp-json\/wp\/v2\/categories?post=1410"},{"taxonomy":"post_tag","embeddable":true,"href":"https:\/\/szkolkakubiczek.pl\/de\/wp-json\/wp\/v2\/tags?post=1410"}],"curies":[{"name":"wp","href":"https:\/\/api.w.org\/{rel}","templated":true}]}}